{"id":8498,"date":"2024-07-16T12:58:40","date_gmt":"2024-07-16T04:58:40","guid":{"rendered":"https:\/\/test.neoss.com\/de\/news\/neoss-staerkt-europaeische-praesenz-unter-der-leitung-von-sandra-von-schmudde\/"},"modified":"2024-07-16T12:58:40","modified_gmt":"2024-07-16T04:58:40","slug":"neoss-staerkt-europaeische-praesenz-unter-der-leitung-von-sandra-von-schmudde","status":"publish","type":"news","link":"https:\/\/test.neoss.com\/de\/news\/neoss-staerkt-europaeische-praesenz-unter-der-leitung-von-sandra-von-schmudde\/","title":{"rendered":"Neoss st\u00e4rkt europ\u00e4ische Pr\u00e4senz unter der Leitung von Sandra von Schmudde"},"content":{"rendered":"<p><span id=\"hs_cos_wrapper_teaser_content\" class=\"hs_cos_wrapper hs_cos_wrapper_widget hs_cos_wrapper_type_rich_text\" style=\"\" data-hs-cos-general-type=\"widget\" data-hs-cos-type=\"rich_text\"><\/p>\n<p>Von Schmudde hat 2023 die Gesch\u00e4ftsf\u00fchrung f\u00fcr Deutschland und \u00d6sterreich mit Sitz in K\u00f6ln \u00fcbernommen und wird zuk\u00fcnftig auch die M\u00e4rkte in der Schweiz, Ungarn, Polen, Tschechien, Luxemburg, den Niederlanden, Belgien, Portugal, Spanien und Frankreich leiten.<\/p>\n<p>Mit diesen Ver\u00e4nderungen wird die Pr\u00e4senz und N\u00e4he zum Kunden durch das Neoss Team innerhalb der bestehenden M\u00e4rkte gest\u00e4rkt. Partnerschaften in den Nachbarl\u00e4ndern werden weiter ausgebaut und neue M\u00e4rkte erschlossen. Dies erm\u00f6glicht es Neoss, die innovativen L\u00f6sungen mit dem hervorragenden Service noch mehr Kunden zug\u00e4nglich zu machen.<\/p>\n<p><a href=\"..\/..\/..\/..\/..\/com\/neoss\/www\/de\/die-neoss-geschichte.html\" rel=\"noopener\">\u201eIntelligent Simplicity\u201c<\/a> steht f\u00fcr ein Behandlungskonzept mit clever durchdachter Prothetik-Plattform, die mit leicht anwendbaren, langlebigen und zuverl\u00e4ssigen Implantatl\u00f6sungen Zahnmedizinern, Zahntechnikern und Patienten gleicherma\u00dfen zugutekommen. Digitale Innovationen runden das Angebot f\u00fcr eine wirtschaftliche und erfolgreiche Implantatversorgung ab.<\/p>\n<p>\u201eWir leben mit \u00dcberzeugung das intelligent einfache Konzept &#8216;NeossOne&#8217;, einer einzigen prothetischen Plattform f\u00fcr fast alle Implantate und sind entschlossen, die Entwicklung regenerativer und digitaler L\u00f6sungen f\u00fcr langlebige Versorgungen weiter voranzutreiben. Selbstverst\u00e4ndlich mit dem Service, den unsere Kunden von uns gewohnt sind\u201c, kommentiert von Schmudde. \u201eUnsere Mission ist es, die Implantologie so einfach und effektiv wie m\u00f6glich zu gestalten, damit unsere Kunden sich voll und ganz auf ihre Patienten konzentrieren k\u00f6nnen.\u201c<\/p>\n<p>Zus\u00e4tzlich bietet die Neoss Academy ein umfangreiches Fortbildungsangebot, das Zahnmedizinern und Zahntechnikern auf der ganzen Welt die M\u00f6glichkeit gibt, ihr Wissen zu erweitern. Durch Workshops und Webinare wird der Wissens- und Erfahrungsaustausch gef\u00f6rdert, um die Qualit\u00e4t der Patientenversorgung sicherzustellen.<\/p>\n<p><\/span><\/p>\n","protected":false},"excerpt":{"rendered":"<p>Von Schmudde hat 2023 die Gesch\u00e4ftsf\u00fchrung f\u00fcr Deutschland und \u00d6sterreich mit Sitz in K\u00f6ln \u00fcbernommen und wird zuk\u00fcnftig auch die M\u00e4rkte in der Schweiz, Ungarn, Polen, Tschechien, Luxemburg, den Niederlanden, Belgien, Portugal, Spanien und Frankreich leiten.<\/p>\n","protected":false},"featured_media":8499,"template":"","meta":{"_acf_changed":false,"content-type":"","_relevanssi_hide_post":"","_relevanssi_hide_content":"","_relevanssi_pin_for_all":"","_relevanssi_pin_keywords":"","_relevanssi_unpin_keywords":"","_relevanssi_related_keywords":"","_relevanssi_related_include_ids":"","_relevanssi_related_exclude_ids":"","_relevanssi_related_no_append":"","_relevanssi_related_not_related":"","_relevanssi_related_posts":"","_relevanssi_noindex_reason":""},"topic":[23],"class_list":["post-8498","news","type-news","status-publish","has-post-thumbnail","hentry","topic-company-updates"],"acf":[],"yoast_head":"<!-- This site is optimized with the Yoast SEO Premium plugin v24.8 (Yoast SEO v24.8.1) - https:\/\/yoast.com\/wordpress\/plugins\/seo\/ -->\n<title>Neoss st\u00e4rkt europ\u00e4ische Pr\u00e4senz unter der Leitung von Sandra von Schmudde - Deutschland<\/title>\n<meta name=\"robots\" content=\"index, follow, max-snippet:-1, max-image-preview:large, max-video-preview:-1\" \/>\n<link rel=\"canonical\" href=\"https:\/\/test.neoss.com\/de\/news\/neoss-staerkt-europaeische-praesenz-unter-der-leitung-von-sandra-von-schmudde\/\" \/>\n<meta property=\"og:locale\" content=\"de_DE\" \/>\n<meta property=\"og:type\" content=\"article\" \/>\n<meta property=\"og:title\" content=\"Neoss st\u00e4rkt europ\u00e4ische Pr\u00e4senz unter der Leitung von Sandra von Schmudde\" \/>\n<meta property=\"og:description\" content=\"Von Schmudde hat 2023 die Gesch\u00e4ftsf\u00fchrung f\u00fcr Deutschland und \u00d6sterreich mit Sitz in K\u00f6ln \u00fcbernommen und wird zuk\u00fcnftig auch die M\u00e4rkte in der Schweiz, Ungarn, Polen, Tschechien, Luxemburg, den Niederlanden, Belgien, Portugal, Spanien und Frankreich leiten.\" \/>\n<meta property=\"og:url\" content=\"https:\/\/test.neoss.com\/de\/news\/neoss-staerkt-europaeische-praesenz-unter-der-leitung-von-sandra-von-schmudde\/\" \/>\n<meta property=\"og:site_name\" content=\"Deutschland\" \/>\n<meta property=\"article:publisher\" content=\"https:\/\/www.facebook.com\/NeossGroup\" \/>\n<meta property=\"og:image\" content=\"https:\/\/neoss-web.azureedge.net\/sites\/12\/2025\/07\/Website_FeaturedImage-2400-x-1400-px-1024x597.png\" \/>\n\t<meta property=\"og:image:width\" content=\"1024\" \/>\n\t<meta property=\"og:image:height\" content=\"597\" \/>\n\t<meta property=\"og:image:type\" content=\"image\/png\" \/>\n<meta name=\"twitter:card\" content=\"summary_large_image\" \/>\n<meta name=\"twitter:label1\" content=\"Est. reading time\" \/>\n\t<meta name=\"twitter:data1\" content=\"1 minute\" \/>\n<script type=\"application\/ld+json\" class=\"yoast-schema-graph\">{\"@context\":\"https:\/\/schema.org\",\"@graph\":[{\"@type\":\"WebPage\",\"@id\":\"https:\/\/test.neoss.com\/de\/news\/neoss-staerkt-europaeische-praesenz-unter-der-leitung-von-sandra-von-schmudde\/\",\"url\":\"https:\/\/test.neoss.com\/de\/news\/neoss-staerkt-europaeische-praesenz-unter-der-leitung-von-sandra-von-schmudde\/\",\"name\":\"Neoss st\u00e4rkt europ\u00e4ische Pr\u00e4senz unter der Leitung von Sandra von Schmudde - Deutschland\",\"isPartOf\":{\"@id\":\"https:\/\/test.neoss.com\/de\/#website\"},\"primaryImageOfPage\":{\"@id\":\"https:\/\/test.neoss.com\/de\/news\/neoss-staerkt-europaeische-praesenz-unter-der-leitung-von-sandra-von-schmudde\/#primaryimage\"},\"image\":{\"@id\":\"https:\/\/test.neoss.com\/de\/news\/neoss-staerkt-europaeische-praesenz-unter-der-leitung-von-sandra-von-schmudde\/#primaryimage\"},\"thumbnailUrl\":\"https:\/\/neoss-web.azureedge.net\/sites\/12\/2025\/07\/Website_FeaturedImage-2400-x-1400-px.png\",\"datePublished\":\"2024-07-16T04:58:40+00:00\",\"breadcrumb\":{\"@id\":\"https:\/\/test.neoss.com\/de\/news\/neoss-staerkt-europaeische-praesenz-unter-der-leitung-von-sandra-von-schmudde\/#breadcrumb\"},\"inLanguage\":\"de-DE\",\"potentialAction\":[{\"@type\":\"ReadAction\",\"target\":[\"https:\/\/test.neoss.com\/de\/news\/neoss-staerkt-europaeische-praesenz-unter-der-leitung-von-sandra-von-schmudde\/\"]}]},{\"@type\":\"ImageObject\",\"inLanguage\":\"de-DE\",\"@id\":\"https:\/\/test.neoss.com\/de\/news\/neoss-staerkt-europaeische-praesenz-unter-der-leitung-von-sandra-von-schmudde\/#primaryimage\",\"url\":\"https:\/\/neoss-web.azureedge.net\/sites\/12\/2025\/07\/Website_FeaturedImage-2400-x-1400-px.png\",\"contentUrl\":\"https:\/\/neoss-web.azureedge.net\/sites\/12\/2025\/07\/Website_FeaturedImage-2400-x-1400-px.png\",\"width\":2400,\"height\":1400},{\"@type\":\"BreadcrumbList\",\"@id\":\"https:\/\/test.neoss.com\/de\/news\/neoss-staerkt-europaeische-praesenz-unter-der-leitung-von-sandra-von-schmudde\/#breadcrumb\",\"itemListElement\":[{\"@type\":\"ListItem\",\"position\":1,\"name\":\"Home\",\"item\":\"https:\/\/test.neoss.com\/de\/\"},{\"@type\":\"ListItem\",\"position\":2,\"name\":\"News\",\"item\":\"https:\/\/test.neoss.com\/de\/news_archive\/\"},{\"@type\":\"ListItem\",\"position\":3,\"name\":\"Neoss st\u00e4rkt europ\u00e4ische Pr\u00e4senz unter der Leitung von Sandra von Schmudde\"}]},{\"@type\":\"WebSite\",\"@id\":\"https:\/\/test.neoss.com\/de\/#website\",\"url\":\"https:\/\/test.neoss.com\/de\/\",\"name\":\"Neoss - Intelligent Simplicity\",\"description\":\"\",\"publisher\":{\"@id\":\"https:\/\/test.neoss.com\/de\/#organization\"},\"potentialAction\":[{\"@type\":\"SearchAction\",\"target\":{\"@type\":\"EntryPoint\",\"urlTemplate\":\"https:\/\/test.neoss.com\/de\/?s={search_term_string}\"},\"query-input\":{\"@type\":\"PropertyValueSpecification\",\"valueRequired\":true,\"valueName\":\"search_term_string\"}}],\"inLanguage\":\"de-DE\"},{\"@type\":\"Organization\",\"@id\":\"https:\/\/test.neoss.com\/de\/#organization\",\"name\":\"neoss\",\"url\":\"https:\/\/test.neoss.com\/de\/\",\"logo\":{\"@type\":\"ImageObject\",\"inLanguage\":\"de-DE\",\"@id\":\"https:\/\/test.neoss.com\/de\/#\/schema\/logo\/image\/\",\"url\":\"https:\/\/neoss-web.azureedge.net\/logo\/neoss-logo1-1.svg\",\"contentUrl\":\"https:\/\/neoss-web.azureedge.net\/logo\/neoss-logo1-1.svg\",\"width\":96,\"height\":31,\"caption\":\"neoss\"},\"image\":{\"@id\":\"https:\/\/test.neoss.com\/de\/#\/schema\/logo\/image\/\"},\"sameAs\":[\"https:\/\/www.facebook.com\/NeossGroup\"]}]}<\/script>\n<!-- \/ Yoast SEO Premium plugin. -->","yoast_head_json":{"title":"Neoss st\u00e4rkt europ\u00e4ische Pr\u00e4senz unter der Leitung von Sandra von Schmudde - Deutschland","robots":{"index":"index","follow":"follow","max-snippet":"max-snippet:-1","max-image-preview":"max-image-preview:large","max-video-preview":"max-video-preview:-1"},"canonical":"https:\/\/test.neoss.com\/de\/news\/neoss-staerkt-europaeische-praesenz-unter-der-leitung-von-sandra-von-schmudde\/","og_locale":"de_DE","og_type":"article","og_title":"Neoss st\u00e4rkt europ\u00e4ische Pr\u00e4senz unter der Leitung von Sandra von Schmudde","og_description":"Von Schmudde hat 2023 die Gesch\u00e4ftsf\u00fchrung f\u00fcr Deutschland und \u00d6sterreich mit Sitz in K\u00f6ln \u00fcbernommen und wird zuk\u00fcnftig auch die M\u00e4rkte in der Schweiz, Ungarn, Polen, Tschechien, Luxemburg, den Niederlanden, Belgien, Portugal, Spanien und Frankreich leiten.","og_url":"https:\/\/test.neoss.com\/de\/news\/neoss-staerkt-europaeische-praesenz-unter-der-leitung-von-sandra-von-schmudde\/","og_site_name":"Deutschland","article_publisher":"https:\/\/www.facebook.com\/NeossGroup","og_image":[{"width":1024,"height":597,"url":"https:\/\/neoss-web.azureedge.net\/sites\/12\/2025\/07\/Website_FeaturedImage-2400-x-1400-px-1024x597.png","type":"image\/png"}],"twitter_card":"summary_large_image","twitter_misc":{"Est. reading time":"1 minute"},"schema":{"@context":"https:\/\/schema.org","@graph":[{"@type":"WebPage","@id":"https:\/\/test.neoss.com\/de\/news\/neoss-staerkt-europaeische-praesenz-unter-der-leitung-von-sandra-von-schmudde\/","url":"https:\/\/test.neoss.com\/de\/news\/neoss-staerkt-europaeische-praesenz-unter-der-leitung-von-sandra-von-schmudde\/","name":"Neoss st\u00e4rkt europ\u00e4ische Pr\u00e4senz unter der Leitung von Sandra von Schmudde - Deutschland","isPartOf":{"@id":"https:\/\/test.neoss.com\/de\/#website"},"primaryImageOfPage":{"@id":"https:\/\/test.neoss.com\/de\/news\/neoss-staerkt-europaeische-praesenz-unter-der-leitung-von-sandra-von-schmudde\/#primaryimage"},"image":{"@id":"https:\/\/test.neoss.com\/de\/news\/neoss-staerkt-europaeische-praesenz-unter-der-leitung-von-sandra-von-schmudde\/#primaryimage"},"thumbnailUrl":"https:\/\/neoss-web.azureedge.net\/sites\/12\/2025\/07\/Website_FeaturedImage-2400-x-1400-px.png","datePublished":"2024-07-16T04:58:40+00:00","breadcrumb":{"@id":"https:\/\/test.neoss.com\/de\/news\/neoss-staerkt-europaeische-praesenz-unter-der-leitung-von-sandra-von-schmudde\/#breadcrumb"},"inLanguage":"de-DE","potentialAction":[{"@type":"ReadAction","target":["https:\/\/test.neoss.com\/de\/news\/neoss-staerkt-europaeische-praesenz-unter-der-leitung-von-sandra-von-schmudde\/"]}]},{"@type":"ImageObject","inLanguage":"de-DE","@id":"https:\/\/test.neoss.com\/de\/news\/neoss-staerkt-europaeische-praesenz-unter-der-leitung-von-sandra-von-schmudde\/#primaryimage","url":"https:\/\/neoss-web.azureedge.net\/sites\/12\/2025\/07\/Website_FeaturedImage-2400-x-1400-px.png","contentUrl":"https:\/\/neoss-web.azureedge.net\/sites\/12\/2025\/07\/Website_FeaturedImage-2400-x-1400-px.png","width":2400,"height":1400},{"@type":"BreadcrumbList","@id":"https:\/\/test.neoss.com\/de\/news\/neoss-staerkt-europaeische-praesenz-unter-der-leitung-von-sandra-von-schmudde\/#breadcrumb","itemListElement":[{"@type":"ListItem","position":1,"name":"Home","item":"https:\/\/test.neoss.com\/de\/"},{"@type":"ListItem","position":2,"name":"News","item":"https:\/\/test.neoss.com\/de\/news_archive\/"},{"@type":"ListItem","position":3,"name":"Neoss st\u00e4rkt europ\u00e4ische Pr\u00e4senz unter der Leitung von Sandra von Schmudde"}]},{"@type":"WebSite","@id":"https:\/\/test.neoss.com\/de\/#website","url":"https:\/\/test.neoss.com\/de\/","name":"Neoss - Intelligent Simplicity","description":"","publisher":{"@id":"https:\/\/test.neoss.com\/de\/#organization"},"potentialAction":[{"@type":"SearchAction","target":{"@type":"EntryPoint","urlTemplate":"https:\/\/test.neoss.com\/de\/?s={search_term_string}"},"query-input":{"@type":"PropertyValueSpecification","valueRequired":true,"valueName":"search_term_string"}}],"inLanguage":"de-DE"},{"@type":"Organization","@id":"https:\/\/test.neoss.com\/de\/#organization","name":"neoss","url":"https:\/\/test.neoss.com\/de\/","logo":{"@type":"ImageObject","inLanguage":"de-DE","@id":"https:\/\/test.neoss.com\/de\/#\/schema\/logo\/image\/","url":"https:\/\/neoss-web.azureedge.net\/logo\/neoss-logo1-1.svg","contentUrl":"https:\/\/neoss-web.azureedge.net\/logo\/neoss-logo1-1.svg","width":96,"height":31,"caption":"neoss"},"image":{"@id":"https:\/\/test.neoss.com\/de\/#\/schema\/logo\/image\/"},"sameAs":["https:\/\/www.facebook.com\/NeossGroup"]}]}},"_links":{"self":[{"href":"https:\/\/test.neoss.com\/de\/wp-json\/wp\/v2\/news\/8498","targetHints":{"allow":["GET"]}}],"collection":[{"href":"https:\/\/test.neoss.com\/de\/wp-json\/wp\/v2\/news"}],"about":[{"href":"https:\/\/test.neoss.com\/de\/wp-json\/wp\/v2\/types\/news"}],"wp:featuredmedia":[{"embeddable":true,"href":"https:\/\/test.neoss.com\/de\/wp-json\/wp\/v2\/media\/8499"}],"wp:attachment":[{"href":"https:\/\/test.neoss.com\/de\/wp-json\/wp\/v2\/media?parent=8498"}],"wp:term":[{"taxonomy":"topic","embeddable":true,"href":"https:\/\/test.neoss.com\/de\/wp-json\/wp\/v2\/topic?post=8498"}],"curies":[{"name":"wp","href":"https:\/\/api.w.org\/{rel}","templated":true}]}}