{"id":8504,"date":"2023-08-31T22:15:00","date_gmt":"2023-08-31T14:15:00","guid":{"rendered":"https:\/\/test.neoss.com\/de\/news\/sandra-von-schmudde-als-neue-geschaeftsfuehrerin-der-neoss-gmbh-herzlich-willkommen\/"},"modified":"2023-08-31T22:15:00","modified_gmt":"2023-08-31T14:15:00","slug":"sandra-von-schmudde-als-neue-geschaeftsfuehrerin-der-neoss-gmbh-herzlich-willkommen","status":"publish","type":"news","link":"https:\/\/test.neoss.com\/de\/news\/sandra-von-schmudde-als-neue-geschaeftsfuehrerin-der-neoss-gmbh-herzlich-willkommen\/","title":{"rendered":"Sandra von Schmudde als neue Gesch\u00e4ftsf\u00fchrerin der Neoss GmbH herzlich willkommen."},"content":{"rendered":"<p><span id=\"hs_cos_wrapper_teaser_content\" class=\"hs_cos_wrapper hs_cos_wrapper_widget hs_cos_wrapper_type_rich_text\" style=\"\" data-hs-cos-general-type=\"widget\" data-hs-cos-type=\"rich_text\"><\/p>\n<p style=\"font-weight: normal; text-align: left;\"><span style=\"font-weight: bold;\">Robert Gottlander, Pr\u00e4sident und CEO der Neoss Gruppe:<\/span><br \/>\u201eIch freue mich sehr, dass Sandra von Schmudde sich entschieden hat, die Position der Gesch\u00e4ftsf\u00fchrerin zu \u00fcbernehmen, um unser Engagement in Deutschland und \u00d6sterreich weiter auszubauen. Mit Ihrer mehr als 20j\u00e4hrigen Erfahrung in der Dentalbranche verf\u00fcgt sie \u00fcber fundierte Kenntnisse auch im Implantatbereich und ich bin mir sicher, dass sie an die hervorragende Arbeit der Vergangenheit ankn\u00fcpfen und die Neoss GmbH zu weiterem Erfolg f\u00fchren wird. Unsere Zukunft ist sehr vielversprechend.\u201c<\/p>\n<p style=\"text-align: left; font-weight: normal;\">\u201eEs ist mir eine Herzensangelegenheit einen Beitrag f\u00fcr eine bessere Patientenversorgung zu leisten. Mit den intelligenten Produkten von Neoss wird die Implantologie zu einem Kundenerlebnis, mit dem Ziel Behandlungsprozesse einfacher, anstatt komplexer zu gestalten. Wir bieten Behandlern somit bedarfsorientierte, sichere und vorhersagbare L\u00f6sungen an, von denen letztendlich auch die Patienten profitieren. Ich freue mich sehr, die Erfolgsgeschichte dieser Produktinnovationen gemeinsam mit dem engagierten und kompetenten Neoss Team und unseren Kunden weiter auszubauen\u201c, <span style=\"font-weight: bold;\">erkl\u00e4rt von Schmudde.<\/span><\/p>\n<p><\/span><\/p>\n","protected":false},"excerpt":{"rendered":"<p>Ab dem 01. September 2023 wird Sandra von Schmudde die Gesch\u00e4ftsf\u00fchrung der Neoss GmbH f\u00fcr Deutschland und \u00d6sterreich mit Sitz in K\u00f6ln \u00fcbernehmen.<\/p>\n","protected":false},"featured_media":8505,"template":"","meta":{"_acf_changed":false,"content-type":"","_relevanssi_hide_post":"","_relevanssi_hide_content":"","_relevanssi_pin_for_all":"","_relevanssi_pin_keywords":"","_relevanssi_unpin_keywords":"","_relevanssi_related_keywords":"","_relevanssi_related_include_ids":"","_relevanssi_related_exclude_ids":"","_relevanssi_related_no_append":"","_relevanssi_related_not_related":"","_relevanssi_related_posts":"","_relevanssi_noindex_reason":""},"topic":[23],"class_list":["post-8504","news","type-news","status-publish","has-post-thumbnail","hentry","topic-company-updates"],"acf":[],"yoast_head":"<!-- This site is optimized with the Yoast SEO Premium plugin v24.8 (Yoast SEO v24.8.1) - https:\/\/yoast.com\/wordpress\/plugins\/seo\/ -->\n<title>Sandra von Schmudde als neue Gesch\u00e4ftsf\u00fchrerin der Neoss GmbH herzlich willkommen. - Deutschland<\/title>\n<meta name=\"robots\" content=\"index, follow, max-snippet:-1, max-image-preview:large, max-video-preview:-1\" \/>\n<link rel=\"canonical\" href=\"https:\/\/test.neoss.com\/de\/news\/sandra-von-schmudde-als-neue-geschaeftsfuehrerin-der-neoss-gmbh-herzlich-willkommen\/\" \/>\n<meta property=\"og:locale\" content=\"de_DE\" \/>\n<meta property=\"og:type\" content=\"article\" \/>\n<meta property=\"og:title\" content=\"Sandra von Schmudde als neue Gesch\u00e4ftsf\u00fchrerin der Neoss GmbH herzlich willkommen.\" \/>\n<meta property=\"og:description\" content=\"Ab dem 01. September 2023 wird Sandra von Schmudde die Gesch\u00e4ftsf\u00fchrung der Neoss GmbH f\u00fcr Deutschland und \u00d6sterreich mit Sitz in K\u00f6ln \u00fcbernehmen.\" \/>\n<meta property=\"og:url\" content=\"https:\/\/test.neoss.com\/de\/news\/sandra-von-schmudde-als-neue-geschaeftsfuehrerin-der-neoss-gmbh-herzlich-willkommen\/\" \/>\n<meta property=\"og:site_name\" content=\"Deutschland\" \/>\n<meta property=\"article:publisher\" content=\"https:\/\/www.facebook.com\/NeossGroup\" \/>\n<meta property=\"og:image\" content=\"https:\/\/neoss-web.azureedge.net\/sites\/12\/2025\/07\/Sandra-von-Schmudde-as-new-Managing-Director-of-Neoss-GmbH-1.jpg\" \/>\n\t<meta property=\"og:image:width\" content=\"2000\" \/>\n\t<meta property=\"og:image:height\" content=\"1400\" \/>\n\t<meta property=\"og:image:type\" content=\"image\/jpeg\" \/>\n<meta name=\"twitter:card\" content=\"summary_large_image\" \/>\n<meta name=\"twitter:label1\" content=\"Est. reading time\" \/>\n\t<meta name=\"twitter:data1\" content=\"1 minute\" \/>\n<script type=\"application\/ld+json\" class=\"yoast-schema-graph\">{\"@context\":\"https:\/\/schema.org\",\"@graph\":[{\"@type\":\"WebPage\",\"@id\":\"https:\/\/test.neoss.com\/de\/news\/sandra-von-schmudde-als-neue-geschaeftsfuehrerin-der-neoss-gmbh-herzlich-willkommen\/\",\"url\":\"https:\/\/test.neoss.com\/de\/news\/sandra-von-schmudde-als-neue-geschaeftsfuehrerin-der-neoss-gmbh-herzlich-willkommen\/\",\"name\":\"Sandra von Schmudde als neue Gesch\u00e4ftsf\u00fchrerin der Neoss GmbH herzlich willkommen. - Deutschland\",\"isPartOf\":{\"@id\":\"https:\/\/test.neoss.com\/de\/#website\"},\"primaryImageOfPage\":{\"@id\":\"https:\/\/test.neoss.com\/de\/news\/sandra-von-schmudde-als-neue-geschaeftsfuehrerin-der-neoss-gmbh-herzlich-willkommen\/#primaryimage\"},\"image\":{\"@id\":\"https:\/\/test.neoss.com\/de\/news\/sandra-von-schmudde-als-neue-geschaeftsfuehrerin-der-neoss-gmbh-herzlich-willkommen\/#primaryimage\"},\"thumbnailUrl\":\"https:\/\/neoss-web.azureedge.net\/sites\/12\/2025\/07\/Sandra-von-Schmudde-as-new-Managing-Director-of-Neoss-GmbH-1.jpg\",\"datePublished\":\"2023-08-31T14:15:00+00:00\",\"breadcrumb\":{\"@id\":\"https:\/\/test.neoss.com\/de\/news\/sandra-von-schmudde-als-neue-geschaeftsfuehrerin-der-neoss-gmbh-herzlich-willkommen\/#breadcrumb\"},\"inLanguage\":\"de-DE\",\"potentialAction\":[{\"@type\":\"ReadAction\",\"target\":[\"https:\/\/test.neoss.com\/de\/news\/sandra-von-schmudde-als-neue-geschaeftsfuehrerin-der-neoss-gmbh-herzlich-willkommen\/\"]}]},{\"@type\":\"ImageObject\",\"inLanguage\":\"de-DE\",\"@id\":\"https:\/\/test.neoss.com\/de\/news\/sandra-von-schmudde-als-neue-geschaeftsfuehrerin-der-neoss-gmbh-herzlich-willkommen\/#primaryimage\",\"url\":\"https:\/\/neoss-web.azureedge.net\/sites\/12\/2025\/07\/Sandra-von-Schmudde-as-new-Managing-Director-of-Neoss-GmbH-1.jpg\",\"contentUrl\":\"https:\/\/neoss-web.azureedge.net\/sites\/12\/2025\/07\/Sandra-von-Schmudde-as-new-Managing-Director-of-Neoss-GmbH-1.jpg\",\"width\":2000,\"height\":1400},{\"@type\":\"BreadcrumbList\",\"@id\":\"https:\/\/test.neoss.com\/de\/news\/sandra-von-schmudde-als-neue-geschaeftsfuehrerin-der-neoss-gmbh-herzlich-willkommen\/#breadcrumb\",\"itemListElement\":[{\"@type\":\"ListItem\",\"position\":1,\"name\":\"Home\",\"item\":\"https:\/\/test.neoss.com\/de\/\"},{\"@type\":\"ListItem\",\"position\":2,\"name\":\"News\",\"item\":\"https:\/\/test.neoss.com\/de\/news_archive\/\"},{\"@type\":\"ListItem\",\"position\":3,\"name\":\"Sandra von Schmudde als neue Gesch\u00e4ftsf\u00fchrerin der Neoss GmbH herzlich willkommen.\"}]},{\"@type\":\"WebSite\",\"@id\":\"https:\/\/test.neoss.com\/de\/#website\",\"url\":\"https:\/\/test.neoss.com\/de\/\",\"name\":\"Neoss - Intelligent Simplicity\",\"description\":\"\",\"publisher\":{\"@id\":\"https:\/\/test.neoss.com\/de\/#organization\"},\"potentialAction\":[{\"@type\":\"SearchAction\",\"target\":{\"@type\":\"EntryPoint\",\"urlTemplate\":\"https:\/\/test.neoss.com\/de\/?s={search_term_string}\"},\"query-input\":{\"@type\":\"PropertyValueSpecification\",\"valueRequired\":true,\"valueName\":\"search_term_string\"}}],\"inLanguage\":\"de-DE\"},{\"@type\":\"Organization\",\"@id\":\"https:\/\/test.neoss.com\/de\/#organization\",\"name\":\"neoss\",\"url\":\"https:\/\/test.neoss.com\/de\/\",\"logo\":{\"@type\":\"ImageObject\",\"inLanguage\":\"de-DE\",\"@id\":\"https:\/\/test.neoss.com\/de\/#\/schema\/logo\/image\/\",\"url\":\"https:\/\/neoss-web.azureedge.net\/logo\/neoss-logo1-1.svg\",\"contentUrl\":\"https:\/\/neoss-web.azureedge.net\/logo\/neoss-logo1-1.svg\",\"width\":96,\"height\":31,\"caption\":\"neoss\"},\"image\":{\"@id\":\"https:\/\/test.neoss.com\/de\/#\/schema\/logo\/image\/\"},\"sameAs\":[\"https:\/\/www.facebook.com\/NeossGroup\"]}]}<\/script>\n<!-- \/ Yoast SEO Premium plugin. -->","yoast_head_json":{"title":"Sandra von Schmudde als neue Gesch\u00e4ftsf\u00fchrerin der Neoss GmbH herzlich willkommen. - Deutschland","robots":{"index":"index","follow":"follow","max-snippet":"max-snippet:-1","max-image-preview":"max-image-preview:large","max-video-preview":"max-video-preview:-1"},"canonical":"https:\/\/test.neoss.com\/de\/news\/sandra-von-schmudde-als-neue-geschaeftsfuehrerin-der-neoss-gmbh-herzlich-willkommen\/","og_locale":"de_DE","og_type":"article","og_title":"Sandra von Schmudde als neue Gesch\u00e4ftsf\u00fchrerin der Neoss GmbH herzlich willkommen.","og_description":"Ab dem 01. September 2023 wird Sandra von Schmudde die Gesch\u00e4ftsf\u00fchrung der Neoss GmbH f\u00fcr Deutschland und \u00d6sterreich mit Sitz in K\u00f6ln \u00fcbernehmen.","og_url":"https:\/\/test.neoss.com\/de\/news\/sandra-von-schmudde-als-neue-geschaeftsfuehrerin-der-neoss-gmbh-herzlich-willkommen\/","og_site_name":"Deutschland","article_publisher":"https:\/\/www.facebook.com\/NeossGroup","og_image":[{"width":2000,"height":1400,"url":"https:\/\/neoss-web.azureedge.net\/sites\/12\/2025\/07\/Sandra-von-Schmudde-as-new-Managing-Director-of-Neoss-GmbH-1.jpg","type":"image\/jpeg"}],"twitter_card":"summary_large_image","twitter_misc":{"Est. reading time":"1 minute"},"schema":{"@context":"https:\/\/schema.org","@graph":[{"@type":"WebPage","@id":"https:\/\/test.neoss.com\/de\/news\/sandra-von-schmudde-als-neue-geschaeftsfuehrerin-der-neoss-gmbh-herzlich-willkommen\/","url":"https:\/\/test.neoss.com\/de\/news\/sandra-von-schmudde-als-neue-geschaeftsfuehrerin-der-neoss-gmbh-herzlich-willkommen\/","name":"Sandra von Schmudde als neue Gesch\u00e4ftsf\u00fchrerin der Neoss GmbH herzlich willkommen. - Deutschland","isPartOf":{"@id":"https:\/\/test.neoss.com\/de\/#website"},"primaryImageOfPage":{"@id":"https:\/\/test.neoss.com\/de\/news\/sandra-von-schmudde-als-neue-geschaeftsfuehrerin-der-neoss-gmbh-herzlich-willkommen\/#primaryimage"},"image":{"@id":"https:\/\/test.neoss.com\/de\/news\/sandra-von-schmudde-als-neue-geschaeftsfuehrerin-der-neoss-gmbh-herzlich-willkommen\/#primaryimage"},"thumbnailUrl":"https:\/\/neoss-web.azureedge.net\/sites\/12\/2025\/07\/Sandra-von-Schmudde-as-new-Managing-Director-of-Neoss-GmbH-1.jpg","datePublished":"2023-08-31T14:15:00+00:00","breadcrumb":{"@id":"https:\/\/test.neoss.com\/de\/news\/sandra-von-schmudde-als-neue-geschaeftsfuehrerin-der-neoss-gmbh-herzlich-willkommen\/#breadcrumb"},"inLanguage":"de-DE","potentialAction":[{"@type":"ReadAction","target":["https:\/\/test.neoss.com\/de\/news\/sandra-von-schmudde-als-neue-geschaeftsfuehrerin-der-neoss-gmbh-herzlich-willkommen\/"]}]},{"@type":"ImageObject","inLanguage":"de-DE","@id":"https:\/\/test.neoss.com\/de\/news\/sandra-von-schmudde-als-neue-geschaeftsfuehrerin-der-neoss-gmbh-herzlich-willkommen\/#primaryimage","url":"https:\/\/neoss-web.azureedge.net\/sites\/12\/2025\/07\/Sandra-von-Schmudde-as-new-Managing-Director-of-Neoss-GmbH-1.jpg","contentUrl":"https:\/\/neoss-web.azureedge.net\/sites\/12\/2025\/07\/Sandra-von-Schmudde-as-new-Managing-Director-of-Neoss-GmbH-1.jpg","width":2000,"height":1400},{"@type":"BreadcrumbList","@id":"https:\/\/test.neoss.com\/de\/news\/sandra-von-schmudde-als-neue-geschaeftsfuehrerin-der-neoss-gmbh-herzlich-willkommen\/#breadcrumb","itemListElement":[{"@type":"ListItem","position":1,"name":"Home","item":"https:\/\/test.neoss.com\/de\/"},{"@type":"ListItem","position":2,"name":"News","item":"https:\/\/test.neoss.com\/de\/news_archive\/"},{"@type":"ListItem","position":3,"name":"Sandra von Schmudde als neue Gesch\u00e4ftsf\u00fchrerin der Neoss GmbH herzlich willkommen."}]},{"@type":"WebSite","@id":"https:\/\/test.neoss.com\/de\/#website","url":"https:\/\/test.neoss.com\/de\/","name":"Neoss - Intelligent Simplicity","description":"","publisher":{"@id":"https:\/\/test.neoss.com\/de\/#organization"},"potentialAction":[{"@type":"SearchAction","target":{"@type":"EntryPoint","urlTemplate":"https:\/\/test.neoss.com\/de\/?s={search_term_string}"},"query-input":{"@type":"PropertyValueSpecification","valueRequired":true,"valueName":"search_term_string"}}],"inLanguage":"de-DE"},{"@type":"Organization","@id":"https:\/\/test.neoss.com\/de\/#organization","name":"neoss","url":"https:\/\/test.neoss.com\/de\/","logo":{"@type":"ImageObject","inLanguage":"de-DE","@id":"https:\/\/test.neoss.com\/de\/#\/schema\/logo\/image\/","url":"https:\/\/neoss-web.azureedge.net\/logo\/neoss-logo1-1.svg","contentUrl":"https:\/\/neoss-web.azureedge.net\/logo\/neoss-logo1-1.svg","width":96,"height":31,"caption":"neoss"},"image":{"@id":"https:\/\/test.neoss.com\/de\/#\/schema\/logo\/image\/"},"sameAs":["https:\/\/www.facebook.com\/NeossGroup"]}]}},"_links":{"self":[{"href":"https:\/\/test.neoss.com\/de\/wp-json\/wp\/v2\/news\/8504","targetHints":{"allow":["GET"]}}],"collection":[{"href":"https:\/\/test.neoss.com\/de\/wp-json\/wp\/v2\/news"}],"about":[{"href":"https:\/\/test.neoss.com\/de\/wp-json\/wp\/v2\/types\/news"}],"wp:featuredmedia":[{"embeddable":true,"href":"https:\/\/test.neoss.com\/de\/wp-json\/wp\/v2\/media\/8505"}],"wp:attachment":[{"href":"https:\/\/test.neoss.com\/de\/wp-json\/wp\/v2\/media?parent=8504"}],"wp:term":[{"taxonomy":"topic","embeddable":true,"href":"https:\/\/test.neoss.com\/de\/wp-json\/wp\/v2\/topic?post=8504"}],"curies":[{"name":"wp","href":"https:\/\/api.w.org\/{rel}","templated":true}]}}