{"id":8510,"date":"2022-09-02T12:52:45","date_gmt":"2022-09-02T04:52:45","guid":{"rendered":"https:\/\/test.neoss.com\/de\/news\/neoss-group-begruesst-dr-sebastian-bauer-als-leiter-des-produktmanagements\/"},"modified":"2022-09-02T12:52:45","modified_gmt":"2022-09-02T04:52:45","slug":"neoss-group-begruesst-dr-sebastian-bauer-als-leiter-des-produktmanagements","status":"publish","type":"news","link":"https:\/\/test.neoss.com\/de\/news\/neoss-group-begruesst-dr-sebastian-bauer-als-leiter-des-produktmanagements\/","title":{"rendered":"Neoss\u00ae Group begr\u00fc\u00dft Dr. Sebastian Bauer als Leiter des Produktmanagements."},"content":{"rendered":"<p><span id=\"hs_cos_wrapper_teaser_content\" class=\"hs_cos_wrapper hs_cos_wrapper_widget hs_cos_wrapper_type_rich_text\" style=\"\" data-hs-cos-general-type=\"widget\" data-hs-cos-type=\"rich_text\"><\/p>\n<p><span style=\"font-size: 16px;\">Die Neoss Group freut sich, Dr. Sebastian Bauer ab dem 1. Juli 2022 als Director Product Management in unserem wachsenden Team begr\u00fc\u00dfen zu d\u00fcrfen. Herr Dr. Bauer wird das globale Produktmanagement-Team sowie die Produktstrategie und das Produktportfolio-Management leiten. <\/span><\/p>\n<p><span style=\"font-size: 16px;\">\u00a0<span style=\"color: black;\">Als Director Product Management wird Dr. Bauer die Verantwortung f\u00fcr den Erfolg des Produktportfolios tragen und alle wichtigen <\/span><span style=\"color: #202124;\">Interessensgruppen<\/span><span style=\"color: black;\"> im Zusammenhang mit der Produktlinie managen, um die Vision und Ziele f\u00fcr das Produktportfolio in der Zukunft zu erreichen.<\/span><\/span><\/p>\n<p style=\"text-align: center;\"><span style=\"font-size: 16px;\">&#8220;Herr Dr. Bauer wird ein sehr wichtiger Teil der Zukunft unserer Organisation sein, und ich freue mich, ihn bei Neoss als Director Product Management willkommen zu hei\u00dfen. Mit seiner Erfahrung aus seinen fr\u00fcheren Funktionen und der engen Zusammenarbeit mit Dentalexperten auf der ganzen Welt wird Herr Dr. Bauer einen wichtigen Beitrag zum Erfolg des Unternehmens und zu unserem Wachstum leisten.&#8221;<\/span><\/p>\n<p style=\"text-align: center;\"><span style=\"font-size: 16px;\">Dr. Robert Gottlander, CEO und Pr\u00e4sident der Neoss Group.<\/span><\/p>\n<p><span style=\"font-size: 16px;\">Herr Dr. Bauer bringt \u00fcber 15 Jahre Erfahrung in der Medizinprodukteindustrie und im internationalen Projektmanagement mit. Zuletzt war er als Berater f\u00fcr Medizintechnikunternehmen t\u00e4tig, die vor Herausforderungen bei der Markteinf\u00fchrung, Entwicklung oder Herstellung stehen. Davor war Sebastian in verschiedenen leitenden Positionen in Forschung, Entwicklung und Produktmanagement bei Nobel Biocare und Dentsply Sirona t\u00e4tig. <\/span><\/p>\n<p style=\"text-align: center;\"><span style=\"font-size: 16px;\">&#8220;Ich freue mich sehr, diese neue Position anzutreten. Neoss bietet alle Behandlungsl\u00f6sungen, die ein Zahnarzt ben\u00f6tigt. Ich freue mich auf die Zusammenarbeit mit der Neoss-Familie und darauf, das Gesch\u00e4ft und die Expansion der Marke zu unterst\u00fctzen.&#8221;<\/span><\/p>\n<p style=\"text-align: center;\"><span style=\"font-size: 16px;\">Dr. Sebastian Bauer, Leiter Produktmanagement Neoss<\/span><\/p>\n<p><span><span style=\"font-size: 10px;\"><span style=\"font-size: 16px;\">Dr. Sebastian Bauer hat einen Doktortitel in Materialwissenschaft und Oberfl\u00e4chentechnik sowie einen Master-Abschluss in Materialwissenschaft f\u00fcr Glas &amp; Keramik beides von der Universit\u00e4t Erlangen. Er war Gastforscher am Laboratoire des Mat\u00e9riaux Catalytiques et Catalyse en Chimie Organique, Institut Gerhardt (ENSCM) in Montpellier. Er hat in mehr als 35 Fachzeitschriften mit Peer-Review ver\u00f6ffentlicht, wobei sein Schwerpunkt auf Implantatinnovationen zur Verbesserung der Osseointegration und des Weichgewebemanagements liegt. Er wird vom Neoss-B\u00fcro in Z\u00fcrich im The Circle Z\u00fcrich Airport aus arbeiten<\/span>.<\/span><\/span><\/p>\n<p><\/span><\/p>\n","protected":false},"excerpt":{"rendered":"<p>Neoss\u00ae Group begr\u00fc\u00dft Dr. Sebastian Bauer als Leiter des Produktmanagements.<\/p>\n","protected":false},"featured_media":8511,"template":"","meta":{"_acf_changed":false,"content-type":"","_relevanssi_hide_post":"","_relevanssi_hide_content":"","_relevanssi_pin_for_all":"","_relevanssi_pin_keywords":"","_relevanssi_unpin_keywords":"","_relevanssi_related_keywords":"","_relevanssi_related_include_ids":"","_relevanssi_related_exclude_ids":"","_relevanssi_related_no_append":"","_relevanssi_related_not_related":"","_relevanssi_related_posts":"","_relevanssi_noindex_reason":""},"topic":[42],"class_list":["post-8510","news","type-news","status-publish","has-post-thumbnail","hentry","topic-company-updatesnew-hire"],"acf":[],"yoast_head":"<!-- This site is optimized with the Yoast SEO Premium plugin v24.8 (Yoast SEO v24.8.1) - https:\/\/yoast.com\/wordpress\/plugins\/seo\/ -->\n<title>Neoss\u00ae Group begr\u00fc\u00dft Dr. Sebastian Bauer als Leiter des Produktmanagements. - Deutschland<\/title>\n<meta name=\"robots\" content=\"index, follow, max-snippet:-1, max-image-preview:large, max-video-preview:-1\" \/>\n<link rel=\"canonical\" href=\"https:\/\/test.neoss.com\/de\/news\/neoss-group-begruesst-dr-sebastian-bauer-als-leiter-des-produktmanagements\/\" \/>\n<meta property=\"og:locale\" content=\"de_DE\" \/>\n<meta property=\"og:type\" content=\"article\" \/>\n<meta property=\"og:title\" content=\"Neoss\u00ae Group begr\u00fc\u00dft Dr. Sebastian Bauer als Leiter des Produktmanagements.\" \/>\n<meta property=\"og:description\" content=\"Neoss\u00ae Group begr\u00fc\u00dft Dr. Sebastian Bauer als Leiter des Produktmanagements.\" \/>\n<meta property=\"og:url\" content=\"https:\/\/test.neoss.com\/de\/news\/neoss-group-begruesst-dr-sebastian-bauer-als-leiter-des-produktmanagements\/\" \/>\n<meta property=\"og:site_name\" content=\"Deutschland\" \/>\n<meta property=\"article:publisher\" content=\"https:\/\/www.facebook.com\/NeossGroup\" \/>\n<meta property=\"og:image\" content=\"https:\/\/neoss-web.azureedge.net\/sites\/12\/2025\/07\/Sebastian-Bauer-PR-3.png\" \/>\n\t<meta property=\"og:image:width\" content=\"940\" \/>\n\t<meta property=\"og:image:height\" content=\"788\" \/>\n\t<meta property=\"og:image:type\" content=\"image\/png\" \/>\n<meta name=\"twitter:card\" content=\"summary_large_image\" \/>\n<meta name=\"twitter:label1\" content=\"Est. reading time\" \/>\n\t<meta name=\"twitter:data1\" content=\"2 minutes\" \/>\n<script type=\"application\/ld+json\" class=\"yoast-schema-graph\">{\"@context\":\"https:\/\/schema.org\",\"@graph\":[{\"@type\":\"WebPage\",\"@id\":\"https:\/\/test.neoss.com\/de\/news\/neoss-group-begruesst-dr-sebastian-bauer-als-leiter-des-produktmanagements\/\",\"url\":\"https:\/\/test.neoss.com\/de\/news\/neoss-group-begruesst-dr-sebastian-bauer-als-leiter-des-produktmanagements\/\",\"name\":\"Neoss\u00ae Group begr\u00fc\u00dft Dr. Sebastian Bauer als Leiter des Produktmanagements. - Deutschland\",\"isPartOf\":{\"@id\":\"https:\/\/test.neoss.com\/de\/#website\"},\"primaryImageOfPage\":{\"@id\":\"https:\/\/test.neoss.com\/de\/news\/neoss-group-begruesst-dr-sebastian-bauer-als-leiter-des-produktmanagements\/#primaryimage\"},\"image\":{\"@id\":\"https:\/\/test.neoss.com\/de\/news\/neoss-group-begruesst-dr-sebastian-bauer-als-leiter-des-produktmanagements\/#primaryimage\"},\"thumbnailUrl\":\"https:\/\/neoss-web.azureedge.net\/sites\/12\/2025\/07\/Sebastian-Bauer-PR-3.png\",\"datePublished\":\"2022-09-02T04:52:45+00:00\",\"breadcrumb\":{\"@id\":\"https:\/\/test.neoss.com\/de\/news\/neoss-group-begruesst-dr-sebastian-bauer-als-leiter-des-produktmanagements\/#breadcrumb\"},\"inLanguage\":\"de-DE\",\"potentialAction\":[{\"@type\":\"ReadAction\",\"target\":[\"https:\/\/test.neoss.com\/de\/news\/neoss-group-begruesst-dr-sebastian-bauer-als-leiter-des-produktmanagements\/\"]}]},{\"@type\":\"ImageObject\",\"inLanguage\":\"de-DE\",\"@id\":\"https:\/\/test.neoss.com\/de\/news\/neoss-group-begruesst-dr-sebastian-bauer-als-leiter-des-produktmanagements\/#primaryimage\",\"url\":\"https:\/\/neoss-web.azureedge.net\/sites\/12\/2025\/07\/Sebastian-Bauer-PR-3.png\",\"contentUrl\":\"https:\/\/neoss-web.azureedge.net\/sites\/12\/2025\/07\/Sebastian-Bauer-PR-3.png\",\"width\":940,\"height\":788},{\"@type\":\"BreadcrumbList\",\"@id\":\"https:\/\/test.neoss.com\/de\/news\/neoss-group-begruesst-dr-sebastian-bauer-als-leiter-des-produktmanagements\/#breadcrumb\",\"itemListElement\":[{\"@type\":\"ListItem\",\"position\":1,\"name\":\"Home\",\"item\":\"https:\/\/test.neoss.com\/de\/\"},{\"@type\":\"ListItem\",\"position\":2,\"name\":\"News\",\"item\":\"https:\/\/test.neoss.com\/de\/news_archive\/\"},{\"@type\":\"ListItem\",\"position\":3,\"name\":\"Neoss\u00ae Group begr\u00fc\u00dft Dr. Sebastian Bauer als Leiter des Produktmanagements.\"}]},{\"@type\":\"WebSite\",\"@id\":\"https:\/\/test.neoss.com\/de\/#website\",\"url\":\"https:\/\/test.neoss.com\/de\/\",\"name\":\"Neoss - Intelligent Simplicity\",\"description\":\"\",\"publisher\":{\"@id\":\"https:\/\/test.neoss.com\/de\/#organization\"},\"potentialAction\":[{\"@type\":\"SearchAction\",\"target\":{\"@type\":\"EntryPoint\",\"urlTemplate\":\"https:\/\/test.neoss.com\/de\/?s={search_term_string}\"},\"query-input\":{\"@type\":\"PropertyValueSpecification\",\"valueRequired\":true,\"valueName\":\"search_term_string\"}}],\"inLanguage\":\"de-DE\"},{\"@type\":\"Organization\",\"@id\":\"https:\/\/test.neoss.com\/de\/#organization\",\"name\":\"neoss\",\"url\":\"https:\/\/test.neoss.com\/de\/\",\"logo\":{\"@type\":\"ImageObject\",\"inLanguage\":\"de-DE\",\"@id\":\"https:\/\/test.neoss.com\/de\/#\/schema\/logo\/image\/\",\"url\":\"https:\/\/neoss-web.azureedge.net\/logo\/neoss-logo1-1.svg\",\"contentUrl\":\"https:\/\/neoss-web.azureedge.net\/logo\/neoss-logo1-1.svg\",\"width\":96,\"height\":31,\"caption\":\"neoss\"},\"image\":{\"@id\":\"https:\/\/test.neoss.com\/de\/#\/schema\/logo\/image\/\"},\"sameAs\":[\"https:\/\/www.facebook.com\/NeossGroup\"]}]}<\/script>\n<!-- \/ Yoast SEO Premium plugin. -->","yoast_head_json":{"title":"Neoss\u00ae Group begr\u00fc\u00dft Dr. Sebastian Bauer als Leiter des Produktmanagements. - Deutschland","robots":{"index":"index","follow":"follow","max-snippet":"max-snippet:-1","max-image-preview":"max-image-preview:large","max-video-preview":"max-video-preview:-1"},"canonical":"https:\/\/test.neoss.com\/de\/news\/neoss-group-begruesst-dr-sebastian-bauer-als-leiter-des-produktmanagements\/","og_locale":"de_DE","og_type":"article","og_title":"Neoss\u00ae Group begr\u00fc\u00dft Dr. Sebastian Bauer als Leiter des Produktmanagements.","og_description":"Neoss\u00ae Group begr\u00fc\u00dft Dr. Sebastian Bauer als Leiter des Produktmanagements.","og_url":"https:\/\/test.neoss.com\/de\/news\/neoss-group-begruesst-dr-sebastian-bauer-als-leiter-des-produktmanagements\/","og_site_name":"Deutschland","article_publisher":"https:\/\/www.facebook.com\/NeossGroup","og_image":[{"width":940,"height":788,"url":"https:\/\/neoss-web.azureedge.net\/sites\/12\/2025\/07\/Sebastian-Bauer-PR-3.png","type":"image\/png"}],"twitter_card":"summary_large_image","twitter_misc":{"Est. reading time":"2 minutes"},"schema":{"@context":"https:\/\/schema.org","@graph":[{"@type":"WebPage","@id":"https:\/\/test.neoss.com\/de\/news\/neoss-group-begruesst-dr-sebastian-bauer-als-leiter-des-produktmanagements\/","url":"https:\/\/test.neoss.com\/de\/news\/neoss-group-begruesst-dr-sebastian-bauer-als-leiter-des-produktmanagements\/","name":"Neoss\u00ae Group begr\u00fc\u00dft Dr. Sebastian Bauer als Leiter des Produktmanagements. - Deutschland","isPartOf":{"@id":"https:\/\/test.neoss.com\/de\/#website"},"primaryImageOfPage":{"@id":"https:\/\/test.neoss.com\/de\/news\/neoss-group-begruesst-dr-sebastian-bauer-als-leiter-des-produktmanagements\/#primaryimage"},"image":{"@id":"https:\/\/test.neoss.com\/de\/news\/neoss-group-begruesst-dr-sebastian-bauer-als-leiter-des-produktmanagements\/#primaryimage"},"thumbnailUrl":"https:\/\/neoss-web.azureedge.net\/sites\/12\/2025\/07\/Sebastian-Bauer-PR-3.png","datePublished":"2022-09-02T04:52:45+00:00","breadcrumb":{"@id":"https:\/\/test.neoss.com\/de\/news\/neoss-group-begruesst-dr-sebastian-bauer-als-leiter-des-produktmanagements\/#breadcrumb"},"inLanguage":"de-DE","potentialAction":[{"@type":"ReadAction","target":["https:\/\/test.neoss.com\/de\/news\/neoss-group-begruesst-dr-sebastian-bauer-als-leiter-des-produktmanagements\/"]}]},{"@type":"ImageObject","inLanguage":"de-DE","@id":"https:\/\/test.neoss.com\/de\/news\/neoss-group-begruesst-dr-sebastian-bauer-als-leiter-des-produktmanagements\/#primaryimage","url":"https:\/\/neoss-web.azureedge.net\/sites\/12\/2025\/07\/Sebastian-Bauer-PR-3.png","contentUrl":"https:\/\/neoss-web.azureedge.net\/sites\/12\/2025\/07\/Sebastian-Bauer-PR-3.png","width":940,"height":788},{"@type":"BreadcrumbList","@id":"https:\/\/test.neoss.com\/de\/news\/neoss-group-begruesst-dr-sebastian-bauer-als-leiter-des-produktmanagements\/#breadcrumb","itemListElement":[{"@type":"ListItem","position":1,"name":"Home","item":"https:\/\/test.neoss.com\/de\/"},{"@type":"ListItem","position":2,"name":"News","item":"https:\/\/test.neoss.com\/de\/news_archive\/"},{"@type":"ListItem","position":3,"name":"Neoss\u00ae Group begr\u00fc\u00dft Dr. Sebastian Bauer als Leiter des Produktmanagements."}]},{"@type":"WebSite","@id":"https:\/\/test.neoss.com\/de\/#website","url":"https:\/\/test.neoss.com\/de\/","name":"Neoss - Intelligent Simplicity","description":"","publisher":{"@id":"https:\/\/test.neoss.com\/de\/#organization"},"potentialAction":[{"@type":"SearchAction","target":{"@type":"EntryPoint","urlTemplate":"https:\/\/test.neoss.com\/de\/?s={search_term_string}"},"query-input":{"@type":"PropertyValueSpecification","valueRequired":true,"valueName":"search_term_string"}}],"inLanguage":"de-DE"},{"@type":"Organization","@id":"https:\/\/test.neoss.com\/de\/#organization","name":"neoss","url":"https:\/\/test.neoss.com\/de\/","logo":{"@type":"ImageObject","inLanguage":"de-DE","@id":"https:\/\/test.neoss.com\/de\/#\/schema\/logo\/image\/","url":"https:\/\/neoss-web.azureedge.net\/logo\/neoss-logo1-1.svg","contentUrl":"https:\/\/neoss-web.azureedge.net\/logo\/neoss-logo1-1.svg","width":96,"height":31,"caption":"neoss"},"image":{"@id":"https:\/\/test.neoss.com\/de\/#\/schema\/logo\/image\/"},"sameAs":["https:\/\/www.facebook.com\/NeossGroup"]}]}},"_links":{"self":[{"href":"https:\/\/test.neoss.com\/de\/wp-json\/wp\/v2\/news\/8510","targetHints":{"allow":["GET"]}}],"collection":[{"href":"https:\/\/test.neoss.com\/de\/wp-json\/wp\/v2\/news"}],"about":[{"href":"https:\/\/test.neoss.com\/de\/wp-json\/wp\/v2\/types\/news"}],"wp:featuredmedia":[{"embeddable":true,"href":"https:\/\/test.neoss.com\/de\/wp-json\/wp\/v2\/media\/8511"}],"wp:attachment":[{"href":"https:\/\/test.neoss.com\/de\/wp-json\/wp\/v2\/media?parent=8510"}],"wp:term":[{"taxonomy":"topic","embeddable":true,"href":"https:\/\/test.neoss.com\/de\/wp-json\/wp\/v2\/topic?post=8510"}],"curies":[{"name":"wp","href":"https:\/\/api.w.org\/{rel}","templated":true}]}}