{"id":8115,"date":"2022-11-28T16:08:24","date_gmt":"2022-11-28T08:08:24","guid":{"rendered":"https:\/\/test.neoss.com\/sv\/news\/new-sales-office-in-the-nordic-region\/"},"modified":"2022-11-28T16:08:24","modified_gmt":"2022-11-28T08:08:24","slug":"new-sales-office-in-the-nordic-region","status":"publish","type":"news","link":"https:\/\/test.neoss.com\/sv\/news\/new-sales-office-in-the-nordic-region\/","title":{"rendered":"Neoss\u00ae Group \u00f6ppnar nytt f\u00f6rs\u00e4ljningskontor i Norden"},"content":{"rendered":"<p><span id=\"hs_cos_wrapper_teaser_content\" class=\"hs_cos_wrapper hs_cos_wrapper_widget hs_cos_wrapper_type_rich_text\" style=\"\" data-hs-cos-general-type=\"widget\" data-hs-cos-type=\"rich_text\"><\/p>\n<p style=\"text-align: left;\">Neoss Group har gl\u00e4djen att presentera den nybildade f\u00f6rs\u00e4ljningsorganisationen Neoss Norden AB, som kommer att inleda sin verksamhet den 1 december 2022. Att etablera en ny s\u00e4ljorganisation f\u00f6r Norden kommer att s\u00e4kerst\u00e4lla v\u00e5r fortsatta tillv\u00e4xt och kommersialisering av v\u00e5r v\u00e4xande produktportf\u00f6lj. Viktigast av allt \u00e4r att det kommer att hj\u00e4lpa oss att b\u00e4ttre st\u00f6dja tandl\u00e4kare och deras patienter i Norden.<\/p>\n<p style=\"text-align: left;\"><em>&#8220;Neoss Norden AB organisation \u00e4r en viktig grund f\u00f6r att kunna st\u00f6dja v\u00e5r v\u00e4xande kundbas i Norden. F\u00f6r oss \u00e4r Norden s\u00e4rskilt viktigt p\u00e5 grund Neoss s\u00e5v\u00e4l som och tandimplantatens historia i regionen.&#8221;<\/em><\/p>\n<p>Dr. Robert Gottlander, VD och koncernchef f\u00f6r Neoss Group<\/p>\n<p style=\"text-align: left;\">Som tidigare meddelats kommer Albin Wahlstrand att vara Managing Director f\u00f6r det nya Neoss Norden AB f\u00f6retaget. Albin har \u00f6ver 20 \u00e5rs erfarenhet inom tandv\u00e5rden och har arbetat med alla aspekter av tandv\u00e5rdsportf\u00f6ljen, inklusive f\u00f6rs\u00e4ljning, produkthantering och aff\u00e4rsutveckling.<\/p>\n<p>Den nya organisationen Neoss Norden AB kommer att ha sitt kontor i Biotech Center-byggnaden intill Institutionen f\u00f6r odontologi vid G\u00f6teborgs Universitet. Neoss Norden AB, Arvid Wallgrens backe 20, 413 46 G\u00f6teborg, Sverige<\/p>\n<p><\/span><\/p>\n","protected":false},"excerpt":{"rendered":"<p>Neoss\u00ae Group \u00f6ppnar nytt f\u00f6rs\u00e4ljningskontor i Norden<\/p>\n","protected":false},"featured_media":8116,"template":"","meta":{"_acf_changed":false,"content-type":"","_relevanssi_hide_post":"","_relevanssi_hide_content":"","_relevanssi_pin_for_all":"","_relevanssi_pin_keywords":"","_relevanssi_unpin_keywords":"","_relevanssi_related_keywords":"","_relevanssi_related_include_ids":"","_relevanssi_related_exclude_ids":"","_relevanssi_related_no_append":"","_relevanssi_related_not_related":"","_relevanssi_related_posts":"","_relevanssi_noindex_reason":""},"topic":[23],"class_list":["post-8115","news","type-news","status-publish","has-post-thumbnail","hentry","topic-company-updates"],"acf":[],"yoast_head":"<!-- This site is optimized with the Yoast SEO Premium plugin v24.8 (Yoast SEO v24.8.1) - https:\/\/yoast.com\/wordpress\/plugins\/seo\/ -->\n<title>Neoss\u00ae Group \u00f6ppnar nytt f\u00f6rs\u00e4ljningskontor i Norden - Sverige<\/title>\n<meta name=\"robots\" content=\"index, follow, max-snippet:-1, max-image-preview:large, max-video-preview:-1\" \/>\n<link rel=\"canonical\" href=\"https:\/\/test.neoss.com\/sv\/news\/new-sales-office-in-the-nordic-region\/\" \/>\n<meta property=\"og:locale\" content=\"sv_SE\" \/>\n<meta property=\"og:type\" content=\"article\" \/>\n<meta property=\"og:title\" content=\"Neoss\u00ae Group \u00f6ppnar nytt f\u00f6rs\u00e4ljningskontor i Norden\" \/>\n<meta property=\"og:description\" content=\"Neoss\u00ae Group \u00f6ppnar nytt f\u00f6rs\u00e4ljningskontor i Norden\" \/>\n<meta property=\"og:url\" content=\"https:\/\/test.neoss.com\/sv\/news\/new-sales-office-in-the-nordic-region\/\" \/>\n<meta property=\"og:site_name\" content=\"Sverige\" \/>\n<meta property=\"article:publisher\" content=\"https:\/\/www.facebook.com\/NeossGroup\" \/>\n<meta property=\"og:image\" content=\"https:\/\/neoss-web.azureedge.net\/sites\/8\/2025\/07\/Neoss-Norden-AB-banner.png\" \/>\n\t<meta property=\"og:image:width\" content=\"2229\" \/>\n\t<meta property=\"og:image:height\" content=\"940\" \/>\n\t<meta property=\"og:image:type\" content=\"image\/png\" \/>\n<meta name=\"twitter:card\" content=\"summary_large_image\" \/>\n<meta name=\"twitter:label1\" content=\"Est. reading time\" \/>\n\t<meta name=\"twitter:data1\" content=\"1 minute\" \/>\n<script type=\"application\/ld+json\" class=\"yoast-schema-graph\">{\"@context\":\"https:\/\/schema.org\",\"@graph\":[{\"@type\":\"WebPage\",\"@id\":\"https:\/\/test.neoss.com\/sv\/news\/new-sales-office-in-the-nordic-region\/\",\"url\":\"https:\/\/test.neoss.com\/sv\/news\/new-sales-office-in-the-nordic-region\/\",\"name\":\"Neoss\u00ae Group \u00f6ppnar nytt f\u00f6rs\u00e4ljningskontor i Norden - Sverige\",\"isPartOf\":{\"@id\":\"https:\/\/test.neoss.com\/sv\/#website\"},\"primaryImageOfPage\":{\"@id\":\"https:\/\/test.neoss.com\/sv\/news\/new-sales-office-in-the-nordic-region\/#primaryimage\"},\"image\":{\"@id\":\"https:\/\/test.neoss.com\/sv\/news\/new-sales-office-in-the-nordic-region\/#primaryimage\"},\"thumbnailUrl\":\"https:\/\/neoss-web.azureedge.net\/sites\/8\/2025\/07\/Neoss-Norden-AB-banner.png\",\"datePublished\":\"2022-11-28T08:08:24+00:00\",\"breadcrumb\":{\"@id\":\"https:\/\/test.neoss.com\/sv\/news\/new-sales-office-in-the-nordic-region\/#breadcrumb\"},\"inLanguage\":\"sv-SE\",\"potentialAction\":[{\"@type\":\"ReadAction\",\"target\":[\"https:\/\/test.neoss.com\/sv\/news\/new-sales-office-in-the-nordic-region\/\"]}]},{\"@type\":\"ImageObject\",\"inLanguage\":\"sv-SE\",\"@id\":\"https:\/\/test.neoss.com\/sv\/news\/new-sales-office-in-the-nordic-region\/#primaryimage\",\"url\":\"https:\/\/neoss-web.azureedge.net\/sites\/8\/2025\/07\/Neoss-Norden-AB-banner.png\",\"contentUrl\":\"https:\/\/neoss-web.azureedge.net\/sites\/8\/2025\/07\/Neoss-Norden-AB-banner.png\",\"width\":2229,\"height\":940},{\"@type\":\"BreadcrumbList\",\"@id\":\"https:\/\/test.neoss.com\/sv\/news\/new-sales-office-in-the-nordic-region\/#breadcrumb\",\"itemListElement\":[{\"@type\":\"ListItem\",\"position\":1,\"name\":\"Home\",\"item\":\"https:\/\/test.neoss.com\/sv\/\"},{\"@type\":\"ListItem\",\"position\":2,\"name\":\"News\",\"item\":\"https:\/\/test.neoss.com\/sv\/news_archive\/\"},{\"@type\":\"ListItem\",\"position\":3,\"name\":\"Neoss\u00ae Group \u00f6ppnar nytt f\u00f6rs\u00e4ljningskontor i Norden\"}]},{\"@type\":\"WebSite\",\"@id\":\"https:\/\/test.neoss.com\/sv\/#website\",\"url\":\"https:\/\/test.neoss.com\/sv\/\",\"name\":\"Neoss - Intelligent Simplicity\",\"description\":\"\",\"publisher\":{\"@id\":\"https:\/\/test.neoss.com\/sv\/#organization\"},\"potentialAction\":[{\"@type\":\"SearchAction\",\"target\":{\"@type\":\"EntryPoint\",\"urlTemplate\":\"https:\/\/test.neoss.com\/sv\/?s={search_term_string}\"},\"query-input\":{\"@type\":\"PropertyValueSpecification\",\"valueRequired\":true,\"valueName\":\"search_term_string\"}}],\"inLanguage\":\"sv-SE\"},{\"@type\":\"Organization\",\"@id\":\"https:\/\/test.neoss.com\/sv\/#organization\",\"name\":\"neoss\",\"url\":\"https:\/\/test.neoss.com\/sv\/\",\"logo\":{\"@type\":\"ImageObject\",\"inLanguage\":\"sv-SE\",\"@id\":\"https:\/\/test.neoss.com\/sv\/#\/schema\/logo\/image\/\",\"url\":\"https:\/\/neoss-web.azureedge.net\/logo\/neoss-logo1-1.svg\",\"contentUrl\":\"https:\/\/neoss-web.azureedge.net\/logo\/neoss-logo1-1.svg\",\"width\":96,\"height\":31,\"caption\":\"neoss\"},\"image\":{\"@id\":\"https:\/\/test.neoss.com\/sv\/#\/schema\/logo\/image\/\"},\"sameAs\":[\"https:\/\/www.facebook.com\/NeossGroup\"]}]}<\/script>\n<!-- \/ Yoast SEO Premium plugin. -->","yoast_head_json":{"title":"Neoss\u00ae Group \u00f6ppnar nytt f\u00f6rs\u00e4ljningskontor i Norden - Sverige","robots":{"index":"index","follow":"follow","max-snippet":"max-snippet:-1","max-image-preview":"max-image-preview:large","max-video-preview":"max-video-preview:-1"},"canonical":"https:\/\/test.neoss.com\/sv\/news\/new-sales-office-in-the-nordic-region\/","og_locale":"sv_SE","og_type":"article","og_title":"Neoss\u00ae Group \u00f6ppnar nytt f\u00f6rs\u00e4ljningskontor i Norden","og_description":"Neoss\u00ae Group \u00f6ppnar nytt f\u00f6rs\u00e4ljningskontor i Norden","og_url":"https:\/\/test.neoss.com\/sv\/news\/new-sales-office-in-the-nordic-region\/","og_site_name":"Sverige","article_publisher":"https:\/\/www.facebook.com\/NeossGroup","og_image":[{"width":2229,"height":940,"url":"https:\/\/neoss-web.azureedge.net\/sites\/8\/2025\/07\/Neoss-Norden-AB-banner.png","type":"image\/png"}],"twitter_card":"summary_large_image","twitter_misc":{"Est. reading time":"1 minute"},"schema":{"@context":"https:\/\/schema.org","@graph":[{"@type":"WebPage","@id":"https:\/\/test.neoss.com\/sv\/news\/new-sales-office-in-the-nordic-region\/","url":"https:\/\/test.neoss.com\/sv\/news\/new-sales-office-in-the-nordic-region\/","name":"Neoss\u00ae Group \u00f6ppnar nytt f\u00f6rs\u00e4ljningskontor i Norden - Sverige","isPartOf":{"@id":"https:\/\/test.neoss.com\/sv\/#website"},"primaryImageOfPage":{"@id":"https:\/\/test.neoss.com\/sv\/news\/new-sales-office-in-the-nordic-region\/#primaryimage"},"image":{"@id":"https:\/\/test.neoss.com\/sv\/news\/new-sales-office-in-the-nordic-region\/#primaryimage"},"thumbnailUrl":"https:\/\/neoss-web.azureedge.net\/sites\/8\/2025\/07\/Neoss-Norden-AB-banner.png","datePublished":"2022-11-28T08:08:24+00:00","breadcrumb":{"@id":"https:\/\/test.neoss.com\/sv\/news\/new-sales-office-in-the-nordic-region\/#breadcrumb"},"inLanguage":"sv-SE","potentialAction":[{"@type":"ReadAction","target":["https:\/\/test.neoss.com\/sv\/news\/new-sales-office-in-the-nordic-region\/"]}]},{"@type":"ImageObject","inLanguage":"sv-SE","@id":"https:\/\/test.neoss.com\/sv\/news\/new-sales-office-in-the-nordic-region\/#primaryimage","url":"https:\/\/neoss-web.azureedge.net\/sites\/8\/2025\/07\/Neoss-Norden-AB-banner.png","contentUrl":"https:\/\/neoss-web.azureedge.net\/sites\/8\/2025\/07\/Neoss-Norden-AB-banner.png","width":2229,"height":940},{"@type":"BreadcrumbList","@id":"https:\/\/test.neoss.com\/sv\/news\/new-sales-office-in-the-nordic-region\/#breadcrumb","itemListElement":[{"@type":"ListItem","position":1,"name":"Home","item":"https:\/\/test.neoss.com\/sv\/"},{"@type":"ListItem","position":2,"name":"News","item":"https:\/\/test.neoss.com\/sv\/news_archive\/"},{"@type":"ListItem","position":3,"name":"Neoss\u00ae Group \u00f6ppnar nytt f\u00f6rs\u00e4ljningskontor i Norden"}]},{"@type":"WebSite","@id":"https:\/\/test.neoss.com\/sv\/#website","url":"https:\/\/test.neoss.com\/sv\/","name":"Neoss - Intelligent Simplicity","description":"","publisher":{"@id":"https:\/\/test.neoss.com\/sv\/#organization"},"potentialAction":[{"@type":"SearchAction","target":{"@type":"EntryPoint","urlTemplate":"https:\/\/test.neoss.com\/sv\/?s={search_term_string}"},"query-input":{"@type":"PropertyValueSpecification","valueRequired":true,"valueName":"search_term_string"}}],"inLanguage":"sv-SE"},{"@type":"Organization","@id":"https:\/\/test.neoss.com\/sv\/#organization","name":"neoss","url":"https:\/\/test.neoss.com\/sv\/","logo":{"@type":"ImageObject","inLanguage":"sv-SE","@id":"https:\/\/test.neoss.com\/sv\/#\/schema\/logo\/image\/","url":"https:\/\/neoss-web.azureedge.net\/logo\/neoss-logo1-1.svg","contentUrl":"https:\/\/neoss-web.azureedge.net\/logo\/neoss-logo1-1.svg","width":96,"height":31,"caption":"neoss"},"image":{"@id":"https:\/\/test.neoss.com\/sv\/#\/schema\/logo\/image\/"},"sameAs":["https:\/\/www.facebook.com\/NeossGroup"]}]}},"_links":{"self":[{"href":"https:\/\/test.neoss.com\/sv\/wp-json\/wp\/v2\/news\/8115","targetHints":{"allow":["GET"]}}],"collection":[{"href":"https:\/\/test.neoss.com\/sv\/wp-json\/wp\/v2\/news"}],"about":[{"href":"https:\/\/test.neoss.com\/sv\/wp-json\/wp\/v2\/types\/news"}],"wp:featuredmedia":[{"embeddable":true,"href":"https:\/\/test.neoss.com\/sv\/wp-json\/wp\/v2\/media\/8116"}],"wp:attachment":[{"href":"https:\/\/test.neoss.com\/sv\/wp-json\/wp\/v2\/media?parent=8115"}],"wp:term":[{"taxonomy":"topic","embeddable":true,"href":"https:\/\/test.neoss.com\/sv\/wp-json\/wp\/v2\/topic?post=8115"}],"curies":[{"name":"wp","href":"https:\/\/api.w.org\/{rel}","templated":true}]}}